{"id":6289,"date":"2025-06-23T23:58:00","date_gmt":"2025-06-24T04:58:00","guid":{"rendered":"https:\/\/iai.int\/?p=6289"},"modified":"2025-08-22T10:35:45","modified_gmt":"2025-08-22T15:35:45","slug":"lanzamiento-del-curso-avances-en-investigacion-transdisciplinaria-sobre-cambio-ambiental-global-en-america-latina-y-el-caribe","status":"publish","type":"post","link":"https:\/\/iai.int\/es\/lanzamiento-del-curso-avances-en-investigacion-transdisciplinaria-sobre-cambio-ambiental-global-en-america-latina-y-el-caribe\/","title":{"rendered":"Lanzamiento del curso: Avances en Investigaci\u00f3n Transdisciplinaria sobre Cambio Ambiental Global en Am\u00e9rica Latina y el Caribe"},"content":{"rendered":"\n<p>El Instituto Interamericano para la Investigaci\u00f3n del Cambio Global extiende una cordial invitaci\u00f3n al lanzamiento oficial del curso en l\u00ednea, gratuito y con certificado&nbsp;<strong>\u00abAvances en Investigaci\u00f3n Transdisciplinaria sobre el Cambio Ambiental Global en Am\u00e9rica Latina y el Caribe\u201d.<\/strong>&nbsp;El curso de autoaprendizaje fue desarrollado en asociaci\u00f3n con la Universidad de California Long Beach y la Universidad de Calgary y se basa en experiencias de producci\u00f3n de conocimiento transdisciplinario para abordar el cambio ambiental global realizadas en Am\u00e9rica Latina y el Caribe.&nbsp;<\/p>\n\n\n\n<p>El curso se compone de un libro de estudios de caso con ejemplos de proyectos transdisciplinarios llevados a cabo en Per\u00fa, Brasil, Bolivia, Panam\u00e1, Jamaica, M\u00e9xico, Urugay y Colombia. Los estudios de casos se entrelazan con cuatro m\u00f3dulos que presentan conceptos y herramientas clave para la pr\u00e1ctica transdisciplinaria: 1) Conceptos fundamentales de la investigaci\u00f3n transdisciplinaria; 2) Lecciones de Am\u00e9rica Latina y el Caribe; 3) Desarrollo de capacidades para colaboraciones exitosas en la investigaci\u00f3n transdisciplinaria; 4) Dise\u00f1o y gesti\u00f3n de proyectos para una TD equitativa y \u00e9tica.<\/p>\n\n\n\n<p>El webinario de lanzamiento se realizar\u00e1 el&nbsp;<strong>16 de julio de 12:00 a 13:00<\/strong>&nbsp;(hora de Panam\u00e1).Durante el evento se presentar\u00e1 la estructura del curso, su proceso de desarrollo, enfoque pedag\u00f3gico y posibles usos, en especial en contextos del Sur Global. El evento contar\u00e1 con intervenciones de investigadoras e investigadores que participaron en la elaboraci\u00f3n del curso, as\u00ed como de invitadas especiales que compartir\u00e1n sus experiencias en investigaci\u00f3n transdisciplinaria y reflexionar\u00e1n sobre el potencial de esta herramienta para la formaci\u00f3n en la regi\u00f3n.<\/p>\n\n\n\n<p>El webinario contar\u00e1 con la presencia de:<\/p>\n\n\n\n<ul class=\"wp-block-list\">\n<li><strong>Laila Sandroni<\/strong>, L\u00edder del Programa Transdisciplinario, Instituto Interamericano para la Investigaci\u00f3n del Cambio Global<\/li>\n\n\n\n<li><strong>Gabriela Alonso Y\u00e1\u00f1ez<\/strong>, University of Calgary<\/li>\n\n\n\n<li><strong>Lily House-Peters<\/strong>, University of California, Long Beach<\/li>\n\n\n\n<li><strong>Cristina Adams<\/strong>, University of S\u00e3o Paulo<\/li>\n\n\n\n<li><strong>Basirat Oyalowo<\/strong>, Oxford Brookes University \/ ITD Alliance<\/li>\n<\/ul>\n\n\n\n<h3 class=\"wp-block-heading\">Agenda:<\/h3>\n\n\n\n<ul class=\"wp-block-list\">\n<li><strong>Bienvenida y presentaci\u00f3n del IAI \u2013\u00a0<\/strong>Omar L\u00f3pez Alfano (5 min)<\/li>\n\n\n\n<li><strong>Presentaci\u00f3n sobre la Academia TD del IAI<\/strong>\u00a0\u2013 Laila Sandroni (10 min)<\/li>\n\n\n\n<li><strong>Proceso de desarrollo del curso y su estructura<\/strong>\u00a0\u2013 Gabriela Alonso Y\u00e1\u00f1ez y Lily House-Peters (15 min)<\/li>\n\n\n\n<li><strong>Aproximaci\u00f3n pedag\u00f3gica y uso de los m\u00f3dulos<\/strong>\u00a0\u2013 Cristina Adams y Basirat Oyalowo (10 min cada una)<br>\u00a0<\/li>\n<\/ul>\n\n\n\n<p>Adem\u00e1s los ponentes responder\u00e1n a tres preguntas clave:<\/p>\n\n\n\n<ul class=\"wp-block-list\">\n<li>\u00bfQu\u00e9 destaca del curso del IAI desde tu experiencia como investigadora transdisciplinaria?<\/li>\n\n\n\n<li>\u00bfEn qu\u00e9 medida este recurso responde a las necesidades del Sur Global?<\/li>\n\n\n\n<li>\u00bfQu\u00e9 posibles usos visualizas en tu pr\u00e1ctica profesional y redes?<\/li>\n<\/ul>\n\n\n\n<p><strong>Sesi\u00f3n de preguntas y respuestas<\/strong>&nbsp;(10 min)<\/p>\n\n\n\n<p>El evento tiene interpretaci\u00f3n espa\u00f1ol-ingl\u00e9s. Las inscripciones est\u00e1n disponibles en:&nbsp;<a href=\"https:\/\/us06web.zoom.us\/webinar\/register\/WN_z_Kw82ePQHO4zntK-QOhig#\/registration\">https:\/\/us06web.zoom.us\/webinar\/register\/WN_z_Kw82ePQHO4zntK-QOhig#\/registration<\/a>&nbsp;<\/p>\n","protected":false},"excerpt":{"rendered":"<p>El Instituto Interamericano para la Investigaci\u00f3n del Cambio Global extiende una cordial invitaci\u00f3n al lanzamiento oficial del curso en l\u00ednea, gratuito y con certificado&nbsp;\u00abAvances en Investigaci\u00f3n Transdisciplinaria sobre el Cambio Ambiental Global en Am\u00e9rica Latina y el Caribe\u201d.&nbsp;El curso de autoaprendizaje fue desarrollado en asociaci\u00f3n con la Universidad de California Long Beach y la Universidad [&hellip;]<\/p>\n","protected":false},"author":1,"featured_media":6290,"comment_status":"open","ping_status":"open","sticky":false,"template":"","format":"standard","meta":{"_acf_changed":false,"_uag_custom_page_level_css":"","footnotes":""},"categories":[24,38],"tags":[1918,2604,2603],"class_list":["post-6289","post","type-post","status-publish","format-standard","has-post-thumbnail","hentry","category-eventos","category-noticias","tag-america-latina","tag-caribe","tag-investigacion-transdisciplinaria"],"acf":[],"yoast_head":"<!-- This site is optimized with the Yoast SEO plugin v27.3 - https:\/\/yoast.com\/product\/yoast-seo-wordpress\/ -->\n<title>Lanzamiento del curso: Avances en Investigaci\u00f3n Transdisciplinaria sobre Cambio Ambiental Global en Am\u00e9rica Latina y el Caribe - IAI - Inter-American Institute for Global Change Research<\/title>\n<meta name=\"robots\" content=\"index, follow, max-snippet:-1, max-image-preview:large, max-video-preview:-1\" \/>\n<link rel=\"canonical\" href=\"https:\/\/iai.int\/es\/lanzamiento-del-curso-avances-en-investigacion-transdisciplinaria-sobre-cambio-ambiental-global-en-america-latina-y-el-caribe\/\" \/>\n<meta property=\"og:locale\" content=\"es_ES\" \/>\n<meta property=\"og:type\" content=\"article\" \/>\n<meta property=\"og:title\" content=\"Lanzamiento del curso: Avances en Investigaci\u00f3n Transdisciplinaria sobre Cambio Ambiental Global en Am\u00e9rica Latina y el Caribe - IAI - Inter-American Institute for Global Change Research\" \/>\n<meta property=\"og:description\" content=\"El Instituto Interamericano para la Investigaci\u00f3n del Cambio Global extiende una cordial invitaci\u00f3n al lanzamiento oficial del curso en l\u00ednea, gratuito y con certificado&nbsp;\u00abAvances en Investigaci\u00f3n Transdisciplinaria sobre el Cambio Ambiental Global en Am\u00e9rica Latina y el Caribe\u201d.&nbsp;El curso de autoaprendizaje fue desarrollado en asociaci\u00f3n con la Universidad de California Long Beach y la Universidad [&hellip;]\" \/>\n<meta property=\"og:url\" content=\"https:\/\/iai.int\/es\/lanzamiento-del-curso-avances-en-investigacion-transdisciplinaria-sobre-cambio-ambiental-global-en-america-latina-y-el-caribe\/\" \/>\n<meta property=\"og:site_name\" content=\"IAI - Inter-American Institute for Global Change Research\" \/>\n<meta property=\"article:published_time\" content=\"2025-06-24T04:58:00+00:00\" \/>\n<meta property=\"article:modified_time\" content=\"2025-08-22T15:35:45+00:00\" \/>\n<meta property=\"og:image\" content=\"https:\/\/iai.int\/wp-content\/uploads\/2025\/07\/BANNER-Course-Launch-1772-x-551-px.png\" \/>\n\t<meta property=\"og:image:width\" content=\"1600\" \/>\n\t<meta property=\"og:image:height\" content=\"498\" \/>\n\t<meta property=\"og:image:type\" content=\"image\/png\" \/>\n<meta name=\"author\" content=\"admin\" \/>\n<meta name=\"twitter:card\" content=\"summary_large_image\" \/>\n<meta name=\"twitter:label1\" content=\"Escrito por\" \/>\n\t<meta name=\"twitter:data1\" content=\"admin\" \/>\n\t<meta name=\"twitter:label2\" content=\"Tiempo de lectura\" \/>\n\t<meta name=\"twitter:data2\" content=\"2 minutos\" \/>\n<script type=\"application\/ld+json\" class=\"yoast-schema-graph\">{\"@context\":\"https:\\\/\\\/schema.org\",\"@graph\":[{\"@type\":\"Article\",\"@id\":\"https:\\\/\\\/iai.int\\\/es\\\/lanzamiento-del-curso-avances-en-investigacion-transdisciplinaria-sobre-cambio-ambiental-global-en-america-latina-y-el-caribe\\\/#article\",\"isPartOf\":{\"@id\":\"https:\\\/\\\/iai.int\\\/es\\\/lanzamiento-del-curso-avances-en-investigacion-transdisciplinaria-sobre-cambio-ambiental-global-en-america-latina-y-el-caribe\\\/\"},\"author\":{\"name\":\"admin\",\"@id\":\"https:\\\/\\\/iai.int\\\/es\\\/#\\\/schema\\\/person\\\/ba1ae1b2fabd1d27a4d646d459ae7fcd\"},\"headline\":\"Lanzamiento del curso: Avances en Investigaci\u00f3n Transdisciplinaria sobre Cambio Ambiental Global en Am\u00e9rica Latina y el Caribe\",\"datePublished\":\"2025-06-24T04:58:00+00:00\",\"dateModified\":\"2025-08-22T15:35:45+00:00\",\"mainEntityOfPage\":{\"@id\":\"https:\\\/\\\/iai.int\\\/es\\\/lanzamiento-del-curso-avances-en-investigacion-transdisciplinaria-sobre-cambio-ambiental-global-en-america-latina-y-el-caribe\\\/\"},\"wordCount\":482,\"commentCount\":0,\"publisher\":{\"@id\":\"https:\\\/\\\/iai.int\\\/es\\\/#organization\"},\"image\":{\"@id\":\"https:\\\/\\\/iai.int\\\/es\\\/lanzamiento-del-curso-avances-en-investigacion-transdisciplinaria-sobre-cambio-ambiental-global-en-america-latina-y-el-caribe\\\/#primaryimage\"},\"thumbnailUrl\":\"https:\\\/\\\/iai.int\\\/wp-content\\\/uploads\\\/2025\\\/07\\\/BANNER-Course-Launch-1772-x-551-px.png\",\"keywords\":[\"Am\u00e9rica Latina\",\"Caribe\",\"Investigaci\u00f3n Transdisciplinaria\"],\"articleSection\":[\"Eventos\",\"Noticias\"],\"inLanguage\":\"es\",\"potentialAction\":[{\"@type\":\"CommentAction\",\"name\":\"Comment\",\"target\":[\"https:\\\/\\\/iai.int\\\/es\\\/lanzamiento-del-curso-avances-en-investigacion-transdisciplinaria-sobre-cambio-ambiental-global-en-america-latina-y-el-caribe\\\/#respond\"]}]},{\"@type\":\"WebPage\",\"@id\":\"https:\\\/\\\/iai.int\\\/es\\\/lanzamiento-del-curso-avances-en-investigacion-transdisciplinaria-sobre-cambio-ambiental-global-en-america-latina-y-el-caribe\\\/\",\"url\":\"https:\\\/\\\/iai.int\\\/es\\\/lanzamiento-del-curso-avances-en-investigacion-transdisciplinaria-sobre-cambio-ambiental-global-en-america-latina-y-el-caribe\\\/\",\"name\":\"Lanzamiento del curso: Avances en Investigaci\u00f3n Transdisciplinaria sobre Cambio Ambiental Global en Am\u00e9rica Latina y el Caribe - IAI - Inter-American Institute for Global Change Research\",\"isPartOf\":{\"@id\":\"https:\\\/\\\/iai.int\\\/es\\\/#website\"},\"primaryImageOfPage\":{\"@id\":\"https:\\\/\\\/iai.int\\\/es\\\/lanzamiento-del-curso-avances-en-investigacion-transdisciplinaria-sobre-cambio-ambiental-global-en-america-latina-y-el-caribe\\\/#primaryimage\"},\"image\":{\"@id\":\"https:\\\/\\\/iai.int\\\/es\\\/lanzamiento-del-curso-avances-en-investigacion-transdisciplinaria-sobre-cambio-ambiental-global-en-america-latina-y-el-caribe\\\/#primaryimage\"},\"thumbnailUrl\":\"https:\\\/\\\/iai.int\\\/wp-content\\\/uploads\\\/2025\\\/07\\\/BANNER-Course-Launch-1772-x-551-px.png\",\"datePublished\":\"2025-06-24T04:58:00+00:00\",\"dateModified\":\"2025-08-22T15:35:45+00:00\",\"breadcrumb\":{\"@id\":\"https:\\\/\\\/iai.int\\\/es\\\/lanzamiento-del-curso-avances-en-investigacion-transdisciplinaria-sobre-cambio-ambiental-global-en-america-latina-y-el-caribe\\\/#breadcrumb\"},\"inLanguage\":\"es\",\"potentialAction\":[{\"@type\":\"ReadAction\",\"target\":[\"https:\\\/\\\/iai.int\\\/es\\\/lanzamiento-del-curso-avances-en-investigacion-transdisciplinaria-sobre-cambio-ambiental-global-en-america-latina-y-el-caribe\\\/\"]}]},{\"@type\":\"ImageObject\",\"inLanguage\":\"es\",\"@id\":\"https:\\\/\\\/iai.int\\\/es\\\/lanzamiento-del-curso-avances-en-investigacion-transdisciplinaria-sobre-cambio-ambiental-global-en-america-latina-y-el-caribe\\\/#primaryimage\",\"url\":\"https:\\\/\\\/iai.int\\\/wp-content\\\/uploads\\\/2025\\\/07\\\/BANNER-Course-Launch-1772-x-551-px.png\",\"contentUrl\":\"https:\\\/\\\/iai.int\\\/wp-content\\\/uploads\\\/2025\\\/07\\\/BANNER-Course-Launch-1772-x-551-px.png\",\"width\":1600,\"height\":498},{\"@type\":\"BreadcrumbList\",\"@id\":\"https:\\\/\\\/iai.int\\\/es\\\/lanzamiento-del-curso-avances-en-investigacion-transdisciplinaria-sobre-cambio-ambiental-global-en-america-latina-y-el-caribe\\\/#breadcrumb\",\"itemListElement\":[{\"@type\":\"ListItem\",\"position\":1,\"name\":\"Portada\",\"item\":\"https:\\\/\\\/iai.int\\\/es\\\/\"},{\"@type\":\"ListItem\",\"position\":2,\"name\":\"Lanzamiento del curso: Avances en Investigaci\u00f3n Transdisciplinaria sobre Cambio Ambiental Global en Am\u00e9rica Latina y el Caribe\"}]},{\"@type\":\"WebSite\",\"@id\":\"https:\\\/\\\/iai.int\\\/es\\\/#website\",\"url\":\"https:\\\/\\\/iai.int\\\/es\\\/\",\"name\":\"IAI - Inter-American Institute for Global Change Research\",\"description\":\"\",\"publisher\":{\"@id\":\"https:\\\/\\\/iai.int\\\/es\\\/#organization\"},\"potentialAction\":[{\"@type\":\"SearchAction\",\"target\":{\"@type\":\"EntryPoint\",\"urlTemplate\":\"https:\\\/\\\/iai.int\\\/es\\\/?s={search_term_string}\"},\"query-input\":{\"@type\":\"PropertyValueSpecification\",\"valueRequired\":true,\"valueName\":\"search_term_string\"}}],\"inLanguage\":\"es\"},{\"@type\":\"Organization\",\"@id\":\"https:\\\/\\\/iai.int\\\/es\\\/#organization\",\"name\":\"IAI - Inter-American Institute for Global Change Research\",\"url\":\"https:\\\/\\\/iai.int\\\/es\\\/\",\"logo\":{\"@type\":\"ImageObject\",\"inLanguage\":\"es\",\"@id\":\"https:\\\/\\\/iai.int\\\/es\\\/#\\\/schema\\\/logo\\\/image\\\/\",\"url\":\"https:\\\/\\\/iai.int\\\/wp-content\\\/uploads\\\/2025\\\/11\\\/IAI-logo-English-scaled.png\",\"contentUrl\":\"https:\\\/\\\/iai.int\\\/wp-content\\\/uploads\\\/2025\\\/11\\\/IAI-logo-English-scaled.png\",\"width\":2560,\"height\":985,\"caption\":\"IAI - Inter-American Institute for Global Change Research\"},\"image\":{\"@id\":\"https:\\\/\\\/iai.int\\\/es\\\/#\\\/schema\\\/logo\\\/image\\\/\"}},{\"@type\":\"Person\",\"@id\":\"https:\\\/\\\/iai.int\\\/es\\\/#\\\/schema\\\/person\\\/ba1ae1b2fabd1d27a4d646d459ae7fcd\",\"name\":\"admin\",\"image\":{\"@type\":\"ImageObject\",\"inLanguage\":\"es\",\"@id\":\"https:\\\/\\\/secure.gravatar.com\\\/avatar\\\/f0afe131590ced189fd79fa9675904cf15f591cb4c0cefcb8b44cf9658c19b2b?s=96&d=mm&r=g\",\"url\":\"https:\\\/\\\/secure.gravatar.com\\\/avatar\\\/f0afe131590ced189fd79fa9675904cf15f591cb4c0cefcb8b44cf9658c19b2b?s=96&d=mm&r=g\",\"contentUrl\":\"https:\\\/\\\/secure.gravatar.com\\\/avatar\\\/f0afe131590ced189fd79fa9675904cf15f591cb4c0cefcb8b44cf9658c19b2b?s=96&d=mm&r=g\",\"caption\":\"admin\"},\"sameAs\":[\"https:\\\/\\\/iai.int\"],\"url\":\"https:\\\/\\\/iai.int\\\/es\\\/author\\\/admin\\\/\"}]}<\/script>\n<!-- \/ Yoast SEO plugin. -->","yoast_head_json":{"title":"Lanzamiento del curso: Avances en Investigaci\u00f3n Transdisciplinaria sobre Cambio Ambiental Global en Am\u00e9rica Latina y el Caribe - IAI - Inter-American Institute for Global Change Research","robots":{"index":"index","follow":"follow","max-snippet":"max-snippet:-1","max-image-preview":"max-image-preview:large","max-video-preview":"max-video-preview:-1"},"canonical":"https:\/\/iai.int\/es\/lanzamiento-del-curso-avances-en-investigacion-transdisciplinaria-sobre-cambio-ambiental-global-en-america-latina-y-el-caribe\/","og_locale":"es_ES","og_type":"article","og_title":"Lanzamiento del curso: Avances en Investigaci\u00f3n Transdisciplinaria sobre Cambio Ambiental Global en Am\u00e9rica Latina y el Caribe - IAI - Inter-American Institute for Global Change Research","og_description":"El Instituto Interamericano para la Investigaci\u00f3n del Cambio Global extiende una cordial invitaci\u00f3n al lanzamiento oficial del curso en l\u00ednea, gratuito y con certificado&nbsp;\u00abAvances en Investigaci\u00f3n Transdisciplinaria sobre el Cambio Ambiental Global en Am\u00e9rica Latina y el Caribe\u201d.&nbsp;El curso de autoaprendizaje fue desarrollado en asociaci\u00f3n con la Universidad de California Long Beach y la Universidad [&hellip;]","og_url":"https:\/\/iai.int\/es\/lanzamiento-del-curso-avances-en-investigacion-transdisciplinaria-sobre-cambio-ambiental-global-en-america-latina-y-el-caribe\/","og_site_name":"IAI - Inter-American Institute for Global Change Research","article_published_time":"2025-06-24T04:58:00+00:00","article_modified_time":"2025-08-22T15:35:45+00:00","og_image":[{"width":1600,"height":498,"url":"https:\/\/iai.int\/wp-content\/uploads\/2025\/07\/BANNER-Course-Launch-1772-x-551-px.png","type":"image\/png"}],"author":"admin","twitter_card":"summary_large_image","twitter_misc":{"Escrito por":"admin","Tiempo de lectura":"2 minutos"},"schema":{"@context":"https:\/\/schema.org","@graph":[{"@type":"Article","@id":"https:\/\/iai.int\/es\/lanzamiento-del-curso-avances-en-investigacion-transdisciplinaria-sobre-cambio-ambiental-global-en-america-latina-y-el-caribe\/#article","isPartOf":{"@id":"https:\/\/iai.int\/es\/lanzamiento-del-curso-avances-en-investigacion-transdisciplinaria-sobre-cambio-ambiental-global-en-america-latina-y-el-caribe\/"},"author":{"name":"admin","@id":"https:\/\/iai.int\/es\/#\/schema\/person\/ba1ae1b2fabd1d27a4d646d459ae7fcd"},"headline":"Lanzamiento del curso: Avances en Investigaci\u00f3n Transdisciplinaria sobre Cambio Ambiental Global en Am\u00e9rica Latina y el Caribe","datePublished":"2025-06-24T04:58:00+00:00","dateModified":"2025-08-22T15:35:45+00:00","mainEntityOfPage":{"@id":"https:\/\/iai.int\/es\/lanzamiento-del-curso-avances-en-investigacion-transdisciplinaria-sobre-cambio-ambiental-global-en-america-latina-y-el-caribe\/"},"wordCount":482,"commentCount":0,"publisher":{"@id":"https:\/\/iai.int\/es\/#organization"},"image":{"@id":"https:\/\/iai.int\/es\/lanzamiento-del-curso-avances-en-investigacion-transdisciplinaria-sobre-cambio-ambiental-global-en-america-latina-y-el-caribe\/#primaryimage"},"thumbnailUrl":"https:\/\/iai.int\/wp-content\/uploads\/2025\/07\/BANNER-Course-Launch-1772-x-551-px.png","keywords":["Am\u00e9rica Latina","Caribe","Investigaci\u00f3n Transdisciplinaria"],"articleSection":["Eventos","Noticias"],"inLanguage":"es","potentialAction":[{"@type":"CommentAction","name":"Comment","target":["https:\/\/iai.int\/es\/lanzamiento-del-curso-avances-en-investigacion-transdisciplinaria-sobre-cambio-ambiental-global-en-america-latina-y-el-caribe\/#respond"]}]},{"@type":"WebPage","@id":"https:\/\/iai.int\/es\/lanzamiento-del-curso-avances-en-investigacion-transdisciplinaria-sobre-cambio-ambiental-global-en-america-latina-y-el-caribe\/","url":"https:\/\/iai.int\/es\/lanzamiento-del-curso-avances-en-investigacion-transdisciplinaria-sobre-cambio-ambiental-global-en-america-latina-y-el-caribe\/","name":"Lanzamiento del curso: Avances en Investigaci\u00f3n Transdisciplinaria sobre Cambio Ambiental Global en Am\u00e9rica Latina y el Caribe - IAI - Inter-American Institute for Global Change Research","isPartOf":{"@id":"https:\/\/iai.int\/es\/#website"},"primaryImageOfPage":{"@id":"https:\/\/iai.int\/es\/lanzamiento-del-curso-avances-en-investigacion-transdisciplinaria-sobre-cambio-ambiental-global-en-america-latina-y-el-caribe\/#primaryimage"},"image":{"@id":"https:\/\/iai.int\/es\/lanzamiento-del-curso-avances-en-investigacion-transdisciplinaria-sobre-cambio-ambiental-global-en-america-latina-y-el-caribe\/#primaryimage"},"thumbnailUrl":"https:\/\/iai.int\/wp-content\/uploads\/2025\/07\/BANNER-Course-Launch-1772-x-551-px.png","datePublished":"2025-06-24T04:58:00+00:00","dateModified":"2025-08-22T15:35:45+00:00","breadcrumb":{"@id":"https:\/\/iai.int\/es\/lanzamiento-del-curso-avances-en-investigacion-transdisciplinaria-sobre-cambio-ambiental-global-en-america-latina-y-el-caribe\/#breadcrumb"},"inLanguage":"es","potentialAction":[{"@type":"ReadAction","target":["https:\/\/iai.int\/es\/lanzamiento-del-curso-avances-en-investigacion-transdisciplinaria-sobre-cambio-ambiental-global-en-america-latina-y-el-caribe\/"]}]},{"@type":"ImageObject","inLanguage":"es","@id":"https:\/\/iai.int\/es\/lanzamiento-del-curso-avances-en-investigacion-transdisciplinaria-sobre-cambio-ambiental-global-en-america-latina-y-el-caribe\/#primaryimage","url":"https:\/\/iai.int\/wp-content\/uploads\/2025\/07\/BANNER-Course-Launch-1772-x-551-px.png","contentUrl":"https:\/\/iai.int\/wp-content\/uploads\/2025\/07\/BANNER-Course-Launch-1772-x-551-px.png","width":1600,"height":498},{"@type":"BreadcrumbList","@id":"https:\/\/iai.int\/es\/lanzamiento-del-curso-avances-en-investigacion-transdisciplinaria-sobre-cambio-ambiental-global-en-america-latina-y-el-caribe\/#breadcrumb","itemListElement":[{"@type":"ListItem","position":1,"name":"Portada","item":"https:\/\/iai.int\/es\/"},{"@type":"ListItem","position":2,"name":"Lanzamiento del curso: Avances en Investigaci\u00f3n Transdisciplinaria sobre Cambio Ambiental Global en Am\u00e9rica Latina y el Caribe"}]},{"@type":"WebSite","@id":"https:\/\/iai.int\/es\/#website","url":"https:\/\/iai.int\/es\/","name":"IAI - Inter-American Institute for Global Change Research","description":"","publisher":{"@id":"https:\/\/iai.int\/es\/#organization"},"potentialAction":[{"@type":"SearchAction","target":{"@type":"EntryPoint","urlTemplate":"https:\/\/iai.int\/es\/?s={search_term_string}"},"query-input":{"@type":"PropertyValueSpecification","valueRequired":true,"valueName":"search_term_string"}}],"inLanguage":"es"},{"@type":"Organization","@id":"https:\/\/iai.int\/es\/#organization","name":"IAI - Inter-American Institute for Global Change Research","url":"https:\/\/iai.int\/es\/","logo":{"@type":"ImageObject","inLanguage":"es","@id":"https:\/\/iai.int\/es\/#\/schema\/logo\/image\/","url":"https:\/\/iai.int\/wp-content\/uploads\/2025\/11\/IAI-logo-English-scaled.png","contentUrl":"https:\/\/iai.int\/wp-content\/uploads\/2025\/11\/IAI-logo-English-scaled.png","width":2560,"height":985,"caption":"IAI - Inter-American Institute for Global Change Research"},"image":{"@id":"https:\/\/iai.int\/es\/#\/schema\/logo\/image\/"}},{"@type":"Person","@id":"https:\/\/iai.int\/es\/#\/schema\/person\/ba1ae1b2fabd1d27a4d646d459ae7fcd","name":"admin","image":{"@type":"ImageObject","inLanguage":"es","@id":"https:\/\/secure.gravatar.com\/avatar\/f0afe131590ced189fd79fa9675904cf15f591cb4c0cefcb8b44cf9658c19b2b?s=96&d=mm&r=g","url":"https:\/\/secure.gravatar.com\/avatar\/f0afe131590ced189fd79fa9675904cf15f591cb4c0cefcb8b44cf9658c19b2b?s=96&d=mm&r=g","contentUrl":"https:\/\/secure.gravatar.com\/avatar\/f0afe131590ced189fd79fa9675904cf15f591cb4c0cefcb8b44cf9658c19b2b?s=96&d=mm&r=g","caption":"admin"},"sameAs":["https:\/\/iai.int"],"url":"https:\/\/iai.int\/es\/author\/admin\/"}]}},"uagb_featured_image_src":{"full":["https:\/\/iai.int\/wp-content\/uploads\/2025\/07\/BANNER-Course-Launch-1772-x-551-px.png",1600,498,false],"thumbnail":["https:\/\/iai.int\/wp-content\/uploads\/2025\/07\/BANNER-Course-Launch-1772-x-551-px-150x150.png",150,150,true],"medium":["https:\/\/iai.int\/wp-content\/uploads\/2025\/07\/BANNER-Course-Launch-1772-x-551-px-300x93.png",300,93,true],"medium_large":["https:\/\/iai.int\/wp-content\/uploads\/2025\/07\/BANNER-Course-Launch-1772-x-551-px-768x239.png",768,239,true],"large":["https:\/\/iai.int\/wp-content\/uploads\/2025\/07\/BANNER-Course-Launch-1772-x-551-px-1024x319.png",800,249,true],"1536x1536":["https:\/\/iai.int\/wp-content\/uploads\/2025\/07\/BANNER-Course-Launch-1772-x-551-px-1536x478.png",1536,478,true],"2048x2048":["https:\/\/iai.int\/wp-content\/uploads\/2025\/07\/BANNER-Course-Launch-1772-x-551-px.png",1600,498,false]},"uagb_author_info":{"display_name":"admin","author_link":"https:\/\/iai.int\/es\/author\/admin\/"},"uagb_comment_info":0,"uagb_excerpt":"El Instituto Interamericano para la Investigaci\u00f3n del Cambio Global extiende una cordial invitaci\u00f3n al lanzamiento oficial del curso en l\u00ednea, gratuito y con certificado&nbsp;\u00abAvances en Investigaci\u00f3n Transdisciplinaria sobre el Cambio Ambiental Global en Am\u00e9rica Latina y el Caribe\u201d.&nbsp;El curso de autoaprendizaje fue desarrollado en asociaci\u00f3n con la Universidad de California Long Beach y la Universidad&hellip;","_links":{"self":[{"href":"https:\/\/iai.int\/es\/wp-json\/wp\/v2\/posts\/6289","targetHints":{"allow":["GET"]}}],"collection":[{"href":"https:\/\/iai.int\/es\/wp-json\/wp\/v2\/posts"}],"about":[{"href":"https:\/\/iai.int\/es\/wp-json\/wp\/v2\/types\/post"}],"author":[{"embeddable":true,"href":"https:\/\/iai.int\/es\/wp-json\/wp\/v2\/users\/1"}],"replies":[{"embeddable":true,"href":"https:\/\/iai.int\/es\/wp-json\/wp\/v2\/comments?post=6289"}],"version-history":[{"count":1,"href":"https:\/\/iai.int\/es\/wp-json\/wp\/v2\/posts\/6289\/revisions"}],"predecessor-version":[{"id":6292,"href":"https:\/\/iai.int\/es\/wp-json\/wp\/v2\/posts\/6289\/revisions\/6292"}],"wp:featuredmedia":[{"embeddable":true,"href":"https:\/\/iai.int\/es\/wp-json\/wp\/v2\/media\/6290"}],"wp:attachment":[{"href":"https:\/\/iai.int\/es\/wp-json\/wp\/v2\/media?parent=6289"}],"wp:term":[{"taxonomy":"category","embeddable":true,"href":"https:\/\/iai.int\/es\/wp-json\/wp\/v2\/categories?post=6289"},{"taxonomy":"post_tag","embeddable":true,"href":"https:\/\/iai.int\/es\/wp-json\/wp\/v2\/tags?post=6289"}],"curies":[{"name":"wp","href":"https:\/\/api.w.org\/{rel}","templated":true}]}}