{"id":2340,"date":"2022-11-17T12:09:00","date_gmt":"2022-11-17T15:09:00","guid":{"rendered":"https:\/\/iai.int\/?p=2340"},"modified":"2025-02-23T18:01:49","modified_gmt":"2025-02-23T23:01:49","slug":"eventos-virtuales-posteriores-a-la-cop27-de-la-unfccc","status":"publish","type":"post","link":"https:\/\/iai.int\/es\/eventos-virtuales-posteriores-a-la-cop27-de-la-unfccc\/","title":{"rendered":"Eventos virtuales posteriores a la COP27 de la UNFCCC"},"content":{"rendered":"\n<p>17 de noviembre del 2022<\/p>\n\n\n\n<h3 class=\"wp-block-heading\"><strong>Eventos virtuales posteriores a la COP27 de la UNFCCC<\/strong><\/h3>\n\n\n\n<h4 class=\"wp-block-heading\"><strong>Mensajes clave para Las Am\u00e9ricas \/ Diciembre, 2022<\/strong><\/h4>\n\n\n\n<p>El Instituto Interamericano para la Investigaci\u00f3n del Cambio Global (IAI) ha organizado tres webinarios Pos-COP27 para las Am\u00e9ricas. El objetivo de las sesiones es discutir entre cient\u00edficos, representantes gubernamentales, periodistas y la sociedad civil, entre otros, los mensajes clave y los desaf\u00edos y oportunidades que ofrece la COP27 a las Am\u00e9ricas.<\/p>\n\n\n\n<p>Habr\u00e1 interpretaci\u00f3n ingl\u00e9s-espa\u00f1ol disponible.&nbsp;<\/p>\n\n\n\n<h3 class=\"wp-block-heading\"><strong>Evento #1<\/strong><\/h3>\n\n\n\n<h4 class=\"wp-block-heading\"><strong>\u201cResultados clave de la COP27 e implicaciones para las Am\u00e9ricas\u201d<\/strong><\/h4>\n\n\n\n<p><strong>1 de diciembre de 2022, 13:00 UYT<\/strong><\/p>\n\n\n\n<p>Este panel convoca a representantes gubernamentales, cient\u00edficos y periodistas de las Am\u00e9ricas para discutir los mensajes clave de la COP27 UNFCCC y sus implicaciones para la regi\u00f3n. La discusi\u00f3n se centrar\u00e1 en los resultados de las negociaciones durante la COP27 y la informaci\u00f3n que los pa\u00edses necesitan saber para desarrollar estrategias de adaptaci\u00f3n y mitigaci\u00f3n y aumentar la resiliencia al cambio clim\u00e1tico.<\/p>\n\n\n\n<p><strong>Moderadora:<\/strong>&nbsp;Mar\u00eda del Carmen Villarreal &#8211; Latinoam\u00e9rica21&nbsp;<\/p>\n\n\n\n<p><strong>Ponentes:<\/strong><\/p>\n\n\n\n<ul class=\"wp-block-list\">\n<li>David Smith, Jamaica &#8211; Director, Centro de Gesti\u00f3n Ambiental &#8211; Coordinador, Instituto de Desarrollo Sostenible &#8211; University of the West Indies<\/li>\n\n\n\n<li>Brigitte Baptiste, Colombia &#8211; Universidad EAN&nbsp;<\/li>\n\n\n\n<li>Graciela Raga, M\u00e9xico &#8211; UNAM &#8211; Editor de la secci\u00f3n de ciencias atmosf\u00e9ricas y climatolog\u00eda de PLOS Climate<\/li>\n<\/ul>\n\n\n\n<p>Evento co-organizado por el Instituto Interamericano para la Investigaci\u00f3n del Cambio Global, PLOS Climate y Latinoam\u00e9rica21&nbsp;<\/p>\n\n\n\n<p><strong>Inscripciones<\/strong> <strong><a href=\"https:\/\/us06web.zoom.us\/webinar\/register\/WN_b3wDq8MsQbmvvD65-fWc4w\" target=\"_blank\" rel=\"noreferrer noopener\">aqu\u00ed<\/a><\/strong><\/p>\n\n\n\n<h3 class=\"wp-block-heading\"><strong>Evento&nbsp;# 2:<\/strong><\/h3>\n\n\n\n<h4 class=\"wp-block-heading\"><strong>\u00abFinanciamiento para la adaptaci\u00f3n al cambio clim\u00e1tico en las Am\u00e9ricas\u00bb<\/strong><\/h4>\n\n\n\n<p><strong>6 de diciembre de 2022, 13:00 UYT<\/strong><\/p>\n\n\n\n<p>Esta sesi\u00f3n reunir\u00e1 a funcionarios gubernamentales a la vanguardia de las negociaciones sobre el cambio clim\u00e1tico en las Am\u00e9ricas. La discusi\u00f3n brindar\u00e1 una descripci\u00f3n general de las necesidades y oportunidades financieras para la adaptaci\u00f3n desde la perspectiva de los gobiernos, centr\u00e1ndose en c\u00f3mo el cambio clim\u00e1tico impacta en la regi\u00f3n y c\u00f3mo el financiamiento clim\u00e1tico puede mejorar las estrategias de adaptaci\u00f3n y mitigaci\u00f3n.<\/p>\n\n\n\n<p><strong>Moderadora:<\/strong>&nbsp;Ana Mar\u00eda Loboguerrero &#8211; CGIAR &#8211; PLOS Climate<\/p>\n\n\n\n<p><strong>Ponentes:<\/strong><\/p>\n\n\n\n<ul class=\"wp-block-list\">\n<li>Carol Franco &#8211; Virginia Tech<\/li>\n\n\n\n<li>Nathalie Flores &#8211; Rep\u00fablica Dominicana<\/li>\n\n\n\n<li>Nora Lambrecht &#8211; IDB Invest<\/li>\n\n\n\n<li>Elena Pereira &#8211; United Nations Environment Program &#8211; UNEP<\/li>\n<\/ul>\n\n\n\n<p>Evento co-organizado por el Instituto Interamericano para la Investigaci\u00f3n del Cambio Global, PLOS Climate y United Nations Environment Program<\/p>\n\n\n\n<p><strong>Inscripciones<\/strong> <a href=\"https:\/\/us06web.zoom.us\/webinar\/register\/WN_SVBBoc3DT0W0MRAv5J7sdw\" target=\"_blank\" rel=\"noreferrer noopener\"><strong>aqu\u00ed<\/strong><\/a><\/p>\n\n\n\n<h3 class=\"wp-block-heading\"><strong>Evento # 3<\/strong><\/h3>\n\n\n\n<h4 class=\"wp-block-heading\"><strong>\u00abIPCC AR7 &#8211; El papel del IPCC en los procesos cient\u00edfico-pol\u00edticos\u00bb<\/strong><\/h4>\n\n\n\n<p><strong>8 de diciembre de 2022, 13:00 UYT<\/strong><\/p>\n\n\n\n<p>El IPCC est\u00e1 terminando su sexto ciclo de evaluaci\u00f3n e iniciando el camino hacia el S\u00e9ptimo Informe: el AR7. Basado en los tres grupos de trabajo: GT1: Las bases f\u00edsicas del Cambio Clim\u00e1tico, GT2: Impacto, Adaptaci\u00f3n, y Vulnerabilidad y GT3: Mitigaci\u00f3n del Cambio Clim\u00e1tico, el IPCC proporciona a los formuladores de pol\u00edticas informaci\u00f3n cient\u00edfica rigurosa y relevante relacionada con el cambio clim\u00e1tico. Esta sesi\u00f3n se centrar\u00e1 en brindar la informaci\u00f3n que los gobiernos necesitan saber para nominar autores, participar en las discusiones y&nbsp; comprender mejor c\u00f3mo el IPCC participa en los procesos de ciencia y pol\u00edtica, y la importancia de abordar la representaci\u00f3n insuficiente de los autores del IPCC (por regi\u00f3n y g\u00e9nero).&nbsp;<\/p>\n\n\n\n<ul class=\"wp-block-list\">\n<li>Explicar los procesos del IPCC<\/li>\n\n\n\n<li>Describir el problema: La subrepresentaci\u00f3n en el sur global y el desequilibrio de g\u00e9nero.&nbsp;<\/li>\n\n\n\n<li>Explicar c\u00f3mo los gobiernos y los cient\u00edficos pueden participar en el proceso.<\/li>\n<\/ul>\n\n\n\n<p><strong>Moderadora:&nbsp;<\/strong>Mercy Borbor, Ecuador &#8211; Escuela Superior Polit\u00e9cnica del Litoral &#8211; ESPOL<\/p>\n\n\n\n<p><strong>Ponentes:<\/strong><\/p>\n\n\n\n<ul class=\"wp-block-list\">\n<li>Paola Andrea Arias Gomez, Colombia &#8211;&nbsp; Universidad de Antioquia &#8211; ANDEX&nbsp;<\/li>\n\n\n\n<li>Sherilee Harper, Canada &#8211; University of Alberta &#8211; PLOS Climate<\/li>\n<\/ul>\n\n\n\n<p>Evento co-organizado por el Instituto Interamericano para la Investigaci\u00f3n del Cambio Global y PLOS Climate<\/p>\n\n\n\n<p><strong>Inscripciones<\/strong> <strong><a href=\"https:\/\/us06web.zoom.us\/webinar\/register\/WN_pWNE18x1SoCf430z3OoVAA\" target=\"_blank\" rel=\"noreferrer noopener\">aqu\u00ed<\/a><\/strong><\/p>\n\n\n\n<p><\/p>\n","protected":false},"excerpt":{"rendered":"<p>17 de noviembre del 2022 Eventos virtuales posteriores a la COP27 de la UNFCCC Mensajes clave para Las Am\u00e9ricas \/ Diciembre, 2022 El Instituto Interamericano para la Investigaci\u00f3n del Cambio Global (IAI) ha organizado tres webinarios Pos-COP27 para las Am\u00e9ricas. El objetivo de las sesiones es discutir entre cient\u00edficos, representantes gubernamentales, periodistas y la sociedad [&hellip;]<\/p>\n","protected":false},"author":1,"featured_media":2341,"comment_status":"open","ping_status":"open","sticky":false,"template":"","format":"standard","meta":{"_acf_changed":false,"_uag_custom_page_level_css":"","footnotes":""},"categories":[24,38],"tags":[],"class_list":["post-2340","post","type-post","status-publish","format-standard","has-post-thumbnail","hentry","category-eventos","category-noticias"],"acf":[],"yoast_head":"<!-- This site is optimized with the Yoast SEO plugin v27.3 - https:\/\/yoast.com\/product\/yoast-seo-wordpress\/ -->\n<title>Eventos virtuales posteriores a la COP27 de la UNFCCC - IAI - Inter-American Institute for Global Change Research<\/title>\n<meta name=\"robots\" content=\"index, follow, max-snippet:-1, max-image-preview:large, max-video-preview:-1\" \/>\n<link rel=\"canonical\" href=\"https:\/\/iai.int\/es\/eventos-virtuales-posteriores-a-la-cop27-de-la-unfccc\/\" \/>\n<meta property=\"og:locale\" content=\"es_ES\" \/>\n<meta property=\"og:type\" content=\"article\" \/>\n<meta property=\"og:title\" content=\"Eventos virtuales posteriores a la COP27 de la UNFCCC - IAI - Inter-American Institute for Global Change Research\" \/>\n<meta property=\"og:description\" content=\"17 de noviembre del 2022 Eventos virtuales posteriores a la COP27 de la UNFCCC Mensajes clave para Las Am\u00e9ricas \/ Diciembre, 2022 El Instituto Interamericano para la Investigaci\u00f3n del Cambio Global (IAI) ha organizado tres webinarios Pos-COP27 para las Am\u00e9ricas. El objetivo de las sesiones es discutir entre cient\u00edficos, representantes gubernamentales, periodistas y la sociedad [&hellip;]\" \/>\n<meta property=\"og:url\" content=\"https:\/\/iai.int\/es\/eventos-virtuales-posteriores-a-la-cop27-de-la-unfccc\/\" \/>\n<meta property=\"og:site_name\" content=\"IAI - Inter-American Institute for Global Change Research\" \/>\n<meta property=\"article:published_time\" content=\"2022-11-17T15:09:00+00:00\" \/>\n<meta property=\"article:modified_time\" content=\"2025-02-23T23:01:49+00:00\" \/>\n<meta property=\"og:image\" content=\"https:\/\/iai.int\/wp-content\/uploads\/2024\/12\/event-alert.png\" \/>\n\t<meta property=\"og:image:width\" content=\"1600\" \/>\n\t<meta property=\"og:image:height\" content=\"498\" \/>\n\t<meta property=\"og:image:type\" content=\"image\/png\" \/>\n<meta name=\"author\" content=\"admin\" \/>\n<meta name=\"twitter:card\" content=\"summary_large_image\" \/>\n<meta name=\"twitter:label1\" content=\"Escrito por\" \/>\n\t<meta name=\"twitter:data1\" content=\"admin\" \/>\n\t<meta name=\"twitter:label2\" content=\"Tiempo de lectura\" \/>\n\t<meta name=\"twitter:data2\" content=\"3 minutos\" \/>\n<script type=\"application\/ld+json\" class=\"yoast-schema-graph\">{\"@context\":\"https:\\\/\\\/schema.org\",\"@graph\":[{\"@type\":\"Article\",\"@id\":\"https:\\\/\\\/iai.int\\\/es\\\/eventos-virtuales-posteriores-a-la-cop27-de-la-unfccc\\\/#article\",\"isPartOf\":{\"@id\":\"https:\\\/\\\/iai.int\\\/es\\\/eventos-virtuales-posteriores-a-la-cop27-de-la-unfccc\\\/\"},\"author\":{\"name\":\"admin\",\"@id\":\"https:\\\/\\\/iai.int\\\/es\\\/#\\\/schema\\\/person\\\/ba1ae1b2fabd1d27a4d646d459ae7fcd\"},\"headline\":\"Eventos virtuales posteriores a la COP27 de la UNFCCC\",\"datePublished\":\"2022-11-17T15:09:00+00:00\",\"dateModified\":\"2025-02-23T23:01:49+00:00\",\"mainEntityOfPage\":{\"@id\":\"https:\\\/\\\/iai.int\\\/es\\\/eventos-virtuales-posteriores-a-la-cop27-de-la-unfccc\\\/\"},\"wordCount\":661,\"commentCount\":0,\"publisher\":{\"@id\":\"https:\\\/\\\/iai.int\\\/es\\\/#organization\"},\"image\":{\"@id\":\"https:\\\/\\\/iai.int\\\/es\\\/eventos-virtuales-posteriores-a-la-cop27-de-la-unfccc\\\/#primaryimage\"},\"thumbnailUrl\":\"https:\\\/\\\/iai.int\\\/wp-content\\\/uploads\\\/2024\\\/12\\\/event-alert.png\",\"articleSection\":[\"Eventos\",\"Noticias\"],\"inLanguage\":\"es\",\"potentialAction\":[{\"@type\":\"CommentAction\",\"name\":\"Comment\",\"target\":[\"https:\\\/\\\/iai.int\\\/es\\\/eventos-virtuales-posteriores-a-la-cop27-de-la-unfccc\\\/#respond\"]}]},{\"@type\":\"WebPage\",\"@id\":\"https:\\\/\\\/iai.int\\\/es\\\/eventos-virtuales-posteriores-a-la-cop27-de-la-unfccc\\\/\",\"url\":\"https:\\\/\\\/iai.int\\\/es\\\/eventos-virtuales-posteriores-a-la-cop27-de-la-unfccc\\\/\",\"name\":\"Eventos virtuales posteriores a la COP27 de la UNFCCC - IAI - Inter-American Institute for Global Change Research\",\"isPartOf\":{\"@id\":\"https:\\\/\\\/iai.int\\\/es\\\/#website\"},\"primaryImageOfPage\":{\"@id\":\"https:\\\/\\\/iai.int\\\/es\\\/eventos-virtuales-posteriores-a-la-cop27-de-la-unfccc\\\/#primaryimage\"},\"image\":{\"@id\":\"https:\\\/\\\/iai.int\\\/es\\\/eventos-virtuales-posteriores-a-la-cop27-de-la-unfccc\\\/#primaryimage\"},\"thumbnailUrl\":\"https:\\\/\\\/iai.int\\\/wp-content\\\/uploads\\\/2024\\\/12\\\/event-alert.png\",\"datePublished\":\"2022-11-17T15:09:00+00:00\",\"dateModified\":\"2025-02-23T23:01:49+00:00\",\"breadcrumb\":{\"@id\":\"https:\\\/\\\/iai.int\\\/es\\\/eventos-virtuales-posteriores-a-la-cop27-de-la-unfccc\\\/#breadcrumb\"},\"inLanguage\":\"es\",\"potentialAction\":[{\"@type\":\"ReadAction\",\"target\":[\"https:\\\/\\\/iai.int\\\/es\\\/eventos-virtuales-posteriores-a-la-cop27-de-la-unfccc\\\/\"]}]},{\"@type\":\"ImageObject\",\"inLanguage\":\"es\",\"@id\":\"https:\\\/\\\/iai.int\\\/es\\\/eventos-virtuales-posteriores-a-la-cop27-de-la-unfccc\\\/#primaryimage\",\"url\":\"https:\\\/\\\/iai.int\\\/wp-content\\\/uploads\\\/2024\\\/12\\\/event-alert.png\",\"contentUrl\":\"https:\\\/\\\/iai.int\\\/wp-content\\\/uploads\\\/2024\\\/12\\\/event-alert.png\",\"width\":1600,\"height\":498,\"caption\":\"El Instituto Interamericano para la Investigaci\u00f3n del Cambio Global (IAI) ha organizado tres webinarios Pos-COP27 para las Am\u00e9ricas.\"},{\"@type\":\"BreadcrumbList\",\"@id\":\"https:\\\/\\\/iai.int\\\/es\\\/eventos-virtuales-posteriores-a-la-cop27-de-la-unfccc\\\/#breadcrumb\",\"itemListElement\":[{\"@type\":\"ListItem\",\"position\":1,\"name\":\"Portada\",\"item\":\"https:\\\/\\\/iai.int\\\/es\\\/\"},{\"@type\":\"ListItem\",\"position\":2,\"name\":\"Eventos virtuales posteriores a la COP27 de la UNFCCC\"}]},{\"@type\":\"WebSite\",\"@id\":\"https:\\\/\\\/iai.int\\\/es\\\/#website\",\"url\":\"https:\\\/\\\/iai.int\\\/es\\\/\",\"name\":\"IAI - Inter-American Institute for Global Change Research\",\"description\":\"\",\"publisher\":{\"@id\":\"https:\\\/\\\/iai.int\\\/es\\\/#organization\"},\"potentialAction\":[{\"@type\":\"SearchAction\",\"target\":{\"@type\":\"EntryPoint\",\"urlTemplate\":\"https:\\\/\\\/iai.int\\\/es\\\/?s={search_term_string}\"},\"query-input\":{\"@type\":\"PropertyValueSpecification\",\"valueRequired\":true,\"valueName\":\"search_term_string\"}}],\"inLanguage\":\"es\"},{\"@type\":\"Organization\",\"@id\":\"https:\\\/\\\/iai.int\\\/es\\\/#organization\",\"name\":\"IAI - Inter-American Institute for Global Change Research\",\"url\":\"https:\\\/\\\/iai.int\\\/es\\\/\",\"logo\":{\"@type\":\"ImageObject\",\"inLanguage\":\"es\",\"@id\":\"https:\\\/\\\/iai.int\\\/es\\\/#\\\/schema\\\/logo\\\/image\\\/\",\"url\":\"https:\\\/\\\/iai.int\\\/wp-content\\\/uploads\\\/2025\\\/11\\\/IAI-logo-English-scaled.png\",\"contentUrl\":\"https:\\\/\\\/iai.int\\\/wp-content\\\/uploads\\\/2025\\\/11\\\/IAI-logo-English-scaled.png\",\"width\":2560,\"height\":985,\"caption\":\"IAI - Inter-American Institute for Global Change Research\"},\"image\":{\"@id\":\"https:\\\/\\\/iai.int\\\/es\\\/#\\\/schema\\\/logo\\\/image\\\/\"}},{\"@type\":\"Person\",\"@id\":\"https:\\\/\\\/iai.int\\\/es\\\/#\\\/schema\\\/person\\\/ba1ae1b2fabd1d27a4d646d459ae7fcd\",\"name\":\"admin\",\"image\":{\"@type\":\"ImageObject\",\"inLanguage\":\"es\",\"@id\":\"https:\\\/\\\/secure.gravatar.com\\\/avatar\\\/f0afe131590ced189fd79fa9675904cf15f591cb4c0cefcb8b44cf9658c19b2b?s=96&d=mm&r=g\",\"url\":\"https:\\\/\\\/secure.gravatar.com\\\/avatar\\\/f0afe131590ced189fd79fa9675904cf15f591cb4c0cefcb8b44cf9658c19b2b?s=96&d=mm&r=g\",\"contentUrl\":\"https:\\\/\\\/secure.gravatar.com\\\/avatar\\\/f0afe131590ced189fd79fa9675904cf15f591cb4c0cefcb8b44cf9658c19b2b?s=96&d=mm&r=g\",\"caption\":\"admin\"},\"sameAs\":[\"https:\\\/\\\/iai.int\"],\"url\":\"https:\\\/\\\/iai.int\\\/es\\\/author\\\/admin\\\/\"}]}<\/script>\n<!-- \/ Yoast SEO plugin. -->","yoast_head_json":{"title":"Eventos virtuales posteriores a la COP27 de la UNFCCC - IAI - Inter-American Institute for Global Change Research","robots":{"index":"index","follow":"follow","max-snippet":"max-snippet:-1","max-image-preview":"max-image-preview:large","max-video-preview":"max-video-preview:-1"},"canonical":"https:\/\/iai.int\/es\/eventos-virtuales-posteriores-a-la-cop27-de-la-unfccc\/","og_locale":"es_ES","og_type":"article","og_title":"Eventos virtuales posteriores a la COP27 de la UNFCCC - IAI - Inter-American Institute for Global Change Research","og_description":"17 de noviembre del 2022 Eventos virtuales posteriores a la COP27 de la UNFCCC Mensajes clave para Las Am\u00e9ricas \/ Diciembre, 2022 El Instituto Interamericano para la Investigaci\u00f3n del Cambio Global (IAI) ha organizado tres webinarios Pos-COP27 para las Am\u00e9ricas. El objetivo de las sesiones es discutir entre cient\u00edficos, representantes gubernamentales, periodistas y la sociedad [&hellip;]","og_url":"https:\/\/iai.int\/es\/eventos-virtuales-posteriores-a-la-cop27-de-la-unfccc\/","og_site_name":"IAI - Inter-American Institute for Global Change Research","article_published_time":"2022-11-17T15:09:00+00:00","article_modified_time":"2025-02-23T23:01:49+00:00","og_image":[{"width":1600,"height":498,"url":"https:\/\/iai.int\/wp-content\/uploads\/2024\/12\/event-alert.png","type":"image\/png"}],"author":"admin","twitter_card":"summary_large_image","twitter_misc":{"Escrito por":"admin","Tiempo de lectura":"3 minutos"},"schema":{"@context":"https:\/\/schema.org","@graph":[{"@type":"Article","@id":"https:\/\/iai.int\/es\/eventos-virtuales-posteriores-a-la-cop27-de-la-unfccc\/#article","isPartOf":{"@id":"https:\/\/iai.int\/es\/eventos-virtuales-posteriores-a-la-cop27-de-la-unfccc\/"},"author":{"name":"admin","@id":"https:\/\/iai.int\/es\/#\/schema\/person\/ba1ae1b2fabd1d27a4d646d459ae7fcd"},"headline":"Eventos virtuales posteriores a la COP27 de la UNFCCC","datePublished":"2022-11-17T15:09:00+00:00","dateModified":"2025-02-23T23:01:49+00:00","mainEntityOfPage":{"@id":"https:\/\/iai.int\/es\/eventos-virtuales-posteriores-a-la-cop27-de-la-unfccc\/"},"wordCount":661,"commentCount":0,"publisher":{"@id":"https:\/\/iai.int\/es\/#organization"},"image":{"@id":"https:\/\/iai.int\/es\/eventos-virtuales-posteriores-a-la-cop27-de-la-unfccc\/#primaryimage"},"thumbnailUrl":"https:\/\/iai.int\/wp-content\/uploads\/2024\/12\/event-alert.png","articleSection":["Eventos","Noticias"],"inLanguage":"es","potentialAction":[{"@type":"CommentAction","name":"Comment","target":["https:\/\/iai.int\/es\/eventos-virtuales-posteriores-a-la-cop27-de-la-unfccc\/#respond"]}]},{"@type":"WebPage","@id":"https:\/\/iai.int\/es\/eventos-virtuales-posteriores-a-la-cop27-de-la-unfccc\/","url":"https:\/\/iai.int\/es\/eventos-virtuales-posteriores-a-la-cop27-de-la-unfccc\/","name":"Eventos virtuales posteriores a la COP27 de la UNFCCC - IAI - Inter-American Institute for Global Change Research","isPartOf":{"@id":"https:\/\/iai.int\/es\/#website"},"primaryImageOfPage":{"@id":"https:\/\/iai.int\/es\/eventos-virtuales-posteriores-a-la-cop27-de-la-unfccc\/#primaryimage"},"image":{"@id":"https:\/\/iai.int\/es\/eventos-virtuales-posteriores-a-la-cop27-de-la-unfccc\/#primaryimage"},"thumbnailUrl":"https:\/\/iai.int\/wp-content\/uploads\/2024\/12\/event-alert.png","datePublished":"2022-11-17T15:09:00+00:00","dateModified":"2025-02-23T23:01:49+00:00","breadcrumb":{"@id":"https:\/\/iai.int\/es\/eventos-virtuales-posteriores-a-la-cop27-de-la-unfccc\/#breadcrumb"},"inLanguage":"es","potentialAction":[{"@type":"ReadAction","target":["https:\/\/iai.int\/es\/eventos-virtuales-posteriores-a-la-cop27-de-la-unfccc\/"]}]},{"@type":"ImageObject","inLanguage":"es","@id":"https:\/\/iai.int\/es\/eventos-virtuales-posteriores-a-la-cop27-de-la-unfccc\/#primaryimage","url":"https:\/\/iai.int\/wp-content\/uploads\/2024\/12\/event-alert.png","contentUrl":"https:\/\/iai.int\/wp-content\/uploads\/2024\/12\/event-alert.png","width":1600,"height":498,"caption":"El Instituto Interamericano para la Investigaci\u00f3n del Cambio Global (IAI) ha organizado tres webinarios Pos-COP27 para las Am\u00e9ricas."},{"@type":"BreadcrumbList","@id":"https:\/\/iai.int\/es\/eventos-virtuales-posteriores-a-la-cop27-de-la-unfccc\/#breadcrumb","itemListElement":[{"@type":"ListItem","position":1,"name":"Portada","item":"https:\/\/iai.int\/es\/"},{"@type":"ListItem","position":2,"name":"Eventos virtuales posteriores a la COP27 de la UNFCCC"}]},{"@type":"WebSite","@id":"https:\/\/iai.int\/es\/#website","url":"https:\/\/iai.int\/es\/","name":"IAI - Inter-American Institute for Global Change Research","description":"","publisher":{"@id":"https:\/\/iai.int\/es\/#organization"},"potentialAction":[{"@type":"SearchAction","target":{"@type":"EntryPoint","urlTemplate":"https:\/\/iai.int\/es\/?s={search_term_string}"},"query-input":{"@type":"PropertyValueSpecification","valueRequired":true,"valueName":"search_term_string"}}],"inLanguage":"es"},{"@type":"Organization","@id":"https:\/\/iai.int\/es\/#organization","name":"IAI - Inter-American Institute for Global Change Research","url":"https:\/\/iai.int\/es\/","logo":{"@type":"ImageObject","inLanguage":"es","@id":"https:\/\/iai.int\/es\/#\/schema\/logo\/image\/","url":"https:\/\/iai.int\/wp-content\/uploads\/2025\/11\/IAI-logo-English-scaled.png","contentUrl":"https:\/\/iai.int\/wp-content\/uploads\/2025\/11\/IAI-logo-English-scaled.png","width":2560,"height":985,"caption":"IAI - Inter-American Institute for Global Change Research"},"image":{"@id":"https:\/\/iai.int\/es\/#\/schema\/logo\/image\/"}},{"@type":"Person","@id":"https:\/\/iai.int\/es\/#\/schema\/person\/ba1ae1b2fabd1d27a4d646d459ae7fcd","name":"admin","image":{"@type":"ImageObject","inLanguage":"es","@id":"https:\/\/secure.gravatar.com\/avatar\/f0afe131590ced189fd79fa9675904cf15f591cb4c0cefcb8b44cf9658c19b2b?s=96&d=mm&r=g","url":"https:\/\/secure.gravatar.com\/avatar\/f0afe131590ced189fd79fa9675904cf15f591cb4c0cefcb8b44cf9658c19b2b?s=96&d=mm&r=g","contentUrl":"https:\/\/secure.gravatar.com\/avatar\/f0afe131590ced189fd79fa9675904cf15f591cb4c0cefcb8b44cf9658c19b2b?s=96&d=mm&r=g","caption":"admin"},"sameAs":["https:\/\/iai.int"],"url":"https:\/\/iai.int\/es\/author\/admin\/"}]}},"uagb_featured_image_src":{"full":["https:\/\/iai.int\/wp-content\/uploads\/2024\/12\/event-alert.png",1600,498,false],"thumbnail":["https:\/\/iai.int\/wp-content\/uploads\/2024\/12\/event-alert-150x150.png",150,150,true],"medium":["https:\/\/iai.int\/wp-content\/uploads\/2024\/12\/event-alert-300x93.png",300,93,true],"medium_large":["https:\/\/iai.int\/wp-content\/uploads\/2024\/12\/event-alert-768x239.png",768,239,true],"large":["https:\/\/iai.int\/wp-content\/uploads\/2024\/12\/event-alert-1024x319.png",800,249,true],"1536x1536":["https:\/\/iai.int\/wp-content\/uploads\/2024\/12\/event-alert-1536x478.png",1536,478,true],"2048x2048":["https:\/\/iai.int\/wp-content\/uploads\/2024\/12\/event-alert.png",1600,498,false]},"uagb_author_info":{"display_name":"admin","author_link":"https:\/\/iai.int\/es\/author\/admin\/"},"uagb_comment_info":0,"uagb_excerpt":"17 de noviembre del 2022 Eventos virtuales posteriores a la COP27 de la UNFCCC Mensajes clave para Las Am\u00e9ricas \/ Diciembre, 2022 El Instituto Interamericano para la Investigaci\u00f3n del Cambio Global (IAI) ha organizado tres webinarios Pos-COP27 para las Am\u00e9ricas. El objetivo de las sesiones es discutir entre cient\u00edficos, representantes gubernamentales, periodistas y la sociedad&hellip;","_links":{"self":[{"href":"https:\/\/iai.int\/es\/wp-json\/wp\/v2\/posts\/2340","targetHints":{"allow":["GET"]}}],"collection":[{"href":"https:\/\/iai.int\/es\/wp-json\/wp\/v2\/posts"}],"about":[{"href":"https:\/\/iai.int\/es\/wp-json\/wp\/v2\/types\/post"}],"author":[{"embeddable":true,"href":"https:\/\/iai.int\/es\/wp-json\/wp\/v2\/users\/1"}],"replies":[{"embeddable":true,"href":"https:\/\/iai.int\/es\/wp-json\/wp\/v2\/comments?post=2340"}],"version-history":[{"count":2,"href":"https:\/\/iai.int\/es\/wp-json\/wp\/v2\/posts\/2340\/revisions"}],"predecessor-version":[{"id":5841,"href":"https:\/\/iai.int\/es\/wp-json\/wp\/v2\/posts\/2340\/revisions\/5841"}],"wp:featuredmedia":[{"embeddable":true,"href":"https:\/\/iai.int\/es\/wp-json\/wp\/v2\/media\/2341"}],"wp:attachment":[{"href":"https:\/\/iai.int\/es\/wp-json\/wp\/v2\/media?parent=2340"}],"wp:term":[{"taxonomy":"category","embeddable":true,"href":"https:\/\/iai.int\/es\/wp-json\/wp\/v2\/categories?post=2340"},{"taxonomy":"post_tag","embeddable":true,"href":"https:\/\/iai.int\/es\/wp-json\/wp\/v2\/tags?post=2340"}],"curies":[{"name":"wp","href":"https:\/\/api.w.org\/{rel}","templated":true}]}}