{"id":12285,"date":"2025-12-10T17:06:21","date_gmt":"2025-12-10T22:06:21","guid":{"rendered":"https:\/\/iai.int\/?p=12285"},"modified":"2025-12-10T17:06:31","modified_gmt":"2025-12-10T22:06:31","slug":"iai-y-fonplata-firman-acuerdo-para-fortalecer-el-dialogo-ciencia-politicas","status":"publish","type":"post","link":"https:\/\/iai.int\/es\/iai-y-fonplata-firman-acuerdo-para-fortalecer-el-dialogo-ciencia-politicas\/","title":{"rendered":"IAI y FONPLATA firman acuerdo para fortalecer\u00a0el di\u00e1logo ciencia-pol\u00edticas\u00a0"},"content":{"rendered":"\n<p>El Instituto Interamericano para la Investigaci\u00f3n del Cambio Global (IAI) se complace en anunciar la firma de un acuerdo de cooperaci\u00f3n con FONPLATA \u2013 Banco de Desarrollo, que se da como parte de las alianzas realizadas en el marco de la COP30.&nbsp;<\/p>\n\n\n\n<p>Esta colaboraci\u00f3n conecta dos pilares esenciales para la regi\u00f3n:&nbsp;<\/p>\n\n\n\n<ul class=\"wp-block-list\">\n<li>IAI, una instituci\u00f3n intergubernamental que re\u00fane a 19 pa\u00edses de las Am\u00e9ricas para fortalecer la ciencia, la creaci\u00f3n de capacidades y el di\u00e1logo ciencia\u2013pol\u00edticas sobre cambio clim\u00e1tico, biodiversidad y cambio global.\u00a0<\/li>\n<\/ul>\n\n\n\n<ul class=\"wp-block-list\">\n<li>FONPLATA, con m\u00e1s de 50 a\u00f1os de experiencia financiando integraci\u00f3n regional e infraestructura sostenible.\u00a0<br>\u00a0<\/li>\n<\/ul>\n\n\n\n<p>El acuerdo permitir\u00e1 crear un espacio compartido donde la evidencia cient\u00edfica, las pol\u00edticas p\u00fablicas y el financiamiento para el desarrollo trabajan juntos para enfrentar los desaf\u00edos del cambio global. Entre las acciones conjuntas esperadas, se encuentran:&nbsp;<\/p>\n\n\n\n<ul class=\"wp-block-list\">\n<li>Integrar la mejor evidencia cient\u00edfica disponible en el dise\u00f1o, la ejecuci\u00f3n y la evaluaci\u00f3n de los proyectos financiados por FONPLATA.\u00a0<\/li>\n<\/ul>\n\n\n\n<ul class=\"wp-block-list\">\n<li>Codise\u00f1ar\u00a0herramientas como gu\u00edas para la gesti\u00f3n de sequ\u00edas, servicios clim\u00e1ticos y alertas tempranas.\u00a0<\/li>\n<\/ul>\n\n\n\n<ul class=\"wp-block-list\">\n<li>Apoyar iniciativas de adaptaci\u00f3n y mitigaci\u00f3n del cambio clim\u00e1tico, gesti\u00f3n sostenible del agua y conservaci\u00f3n de la biodiversidad, vinculando instituciones acad\u00e9micas, organismos p\u00fablicos y comunidades locales.\u00a0<\/li>\n<\/ul>\n\n\n\n<ul class=\"wp-block-list\">\n<li>Promover el uso de datos abiertos para fortalecer la interoperabilidad de sistemas de informaci\u00f3n.\u00a0\u00a0<\/li>\n<\/ul>\n\n\n\n<ul class=\"wp-block-list\">\n<li>Participar en foros regionales e internacionales y movilizar recursos en clima, biodiversidad y desarrollo sostenible.\u00a0<\/li>\n<\/ul>\n\n\n\n<p>Para el IAI, esta alianza es una oportunidad para traducir m\u00e1s de tres d\u00e9cadas de investigaci\u00f3n interamericana y diplomacia cient\u00edfica en impactos concretos: ciudades mejor preparadas, infraestructura m\u00e1s resiliente y pol\u00edticas p\u00fablicas basadas en evidencia.&nbsp;<\/p>\n\n\n\n<p>Esta colaboraci\u00f3n conectar\u00e1 a cient\u00edficos y&nbsp;autoridades p\u00fablicas&nbsp;con un objetivo com\u00fan: un desarrollo inclusivo, resiliente y basado en ciencia.&nbsp;<\/p>\n\n\n\n<p><a href=\"http:\/\/iai.int\/wp-content\/uploads\/2025\/12\/MoU_FONPLATA-IAI.pdf\">Acuerdo general de cooperaci\u00f3n<\/a><\/p>\n\n\n\n<p><\/p>\n","protected":false},"excerpt":{"rendered":"<p>El Instituto Interamericano para la Investigaci\u00f3n del Cambio Global (IAI) se complace en anunciar la firma de un acuerdo de cooperaci\u00f3n con FONPLATA \u2013 Banco de Desarrollo, que se da como parte de las alianzas realizadas en el marco de la COP30.&nbsp; Esta colaboraci\u00f3n conecta dos pilares esenciales para la regi\u00f3n:&nbsp; El acuerdo permitir\u00e1 crear [&hellip;]<\/p>\n","protected":false},"author":9,"featured_media":12291,"comment_status":"open","ping_status":"open","sticky":false,"template":"","format":"standard","meta":{"_acf_changed":false,"_uag_custom_page_level_css":"","footnotes":""},"categories":[38],"tags":[2588,2570],"class_list":["post-12285","post","type-post","status-publish","format-standard","has-post-thumbnail","hentry","category-noticias","tag-diplomacia-cientifica","tag-noticia"],"acf":[],"yoast_head":"<!-- This site is optimized with the Yoast SEO plugin v27.3 - https:\/\/yoast.com\/product\/yoast-seo-wordpress\/ -->\n<title>IAI y FONPLATA firman acuerdo para fortalecer\u00a0el di\u00e1logo ciencia-pol\u00edticas\u00a0 - IAI - Inter-American Institute for Global Change Research<\/title>\n<meta name=\"robots\" content=\"index, follow, max-snippet:-1, max-image-preview:large, max-video-preview:-1\" \/>\n<link rel=\"canonical\" href=\"https:\/\/iai.int\/es\/iai-y-fonplata-firman-acuerdo-para-fortalecer-el-dialogo-ciencia-politicas\/\" \/>\n<meta property=\"og:locale\" content=\"es_ES\" \/>\n<meta property=\"og:type\" content=\"article\" \/>\n<meta property=\"og:title\" content=\"IAI y FONPLATA firman acuerdo para fortalecer\u00a0el di\u00e1logo ciencia-pol\u00edticas\u00a0 - IAI - Inter-American Institute for Global Change Research\" \/>\n<meta property=\"og:description\" content=\"El Instituto Interamericano para la Investigaci\u00f3n del Cambio Global (IAI) se complace en anunciar la firma de un acuerdo de cooperaci\u00f3n con FONPLATA \u2013 Banco de Desarrollo, que se da como parte de las alianzas realizadas en el marco de la COP30.&nbsp; Esta colaboraci\u00f3n conecta dos pilares esenciales para la regi\u00f3n:&nbsp; El acuerdo permitir\u00e1 crear [&hellip;]\" \/>\n<meta property=\"og:url\" content=\"https:\/\/iai.int\/es\/iai-y-fonplata-firman-acuerdo-para-fortalecer-el-dialogo-ciencia-politicas\/\" \/>\n<meta property=\"og:site_name\" content=\"IAI - Inter-American Institute for Global Change Research\" \/>\n<meta property=\"article:published_time\" content=\"2025-12-10T22:06:21+00:00\" \/>\n<meta property=\"article:modified_time\" content=\"2025-12-10T22:06:31+00:00\" \/>\n<meta property=\"og:image\" content=\"https:\/\/iai.int\/wp-content\/uploads\/2025\/12\/IAI-y-FONPLATA.png\" \/>\n\t<meta property=\"og:image:width\" content=\"1772\" \/>\n\t<meta property=\"og:image:height\" content=\"551\" \/>\n\t<meta property=\"og:image:type\" content=\"image\/png\" \/>\n<meta name=\"author\" content=\"IAI Communication\" \/>\n<meta name=\"twitter:card\" content=\"summary_large_image\" \/>\n<meta name=\"twitter:label1\" content=\"Escrito por\" \/>\n\t<meta name=\"twitter:data1\" content=\"IAI Communication\" \/>\n\t<meta name=\"twitter:label2\" content=\"Tiempo de lectura\" \/>\n\t<meta name=\"twitter:data2\" content=\"2 minutos\" \/>\n<script type=\"application\/ld+json\" class=\"yoast-schema-graph\">{\"@context\":\"https:\\\/\\\/schema.org\",\"@graph\":[{\"@type\":\"Article\",\"@id\":\"https:\\\/\\\/iai.int\\\/es\\\/iai-y-fonplata-firman-acuerdo-para-fortalecer-el-dialogo-ciencia-politicas\\\/#article\",\"isPartOf\":{\"@id\":\"https:\\\/\\\/iai.int\\\/es\\\/iai-y-fonplata-firman-acuerdo-para-fortalecer-el-dialogo-ciencia-politicas\\\/\"},\"author\":{\"name\":\"IAI Communication\",\"@id\":\"https:\\\/\\\/iai.int\\\/es\\\/#\\\/schema\\\/person\\\/2402df0e64dc489b772ca5cb48a860d1\"},\"headline\":\"IAI y FONPLATA firman acuerdo para fortalecer\u00a0el di\u00e1logo ciencia-pol\u00edticas\u00a0\",\"datePublished\":\"2025-12-10T22:06:21+00:00\",\"dateModified\":\"2025-12-10T22:06:31+00:00\",\"mainEntityOfPage\":{\"@id\":\"https:\\\/\\\/iai.int\\\/es\\\/iai-y-fonplata-firman-acuerdo-para-fortalecer-el-dialogo-ciencia-politicas\\\/\"},\"wordCount\":345,\"commentCount\":0,\"publisher\":{\"@id\":\"https:\\\/\\\/iai.int\\\/es\\\/#organization\"},\"image\":{\"@id\":\"https:\\\/\\\/iai.int\\\/es\\\/iai-y-fonplata-firman-acuerdo-para-fortalecer-el-dialogo-ciencia-politicas\\\/#primaryimage\"},\"thumbnailUrl\":\"https:\\\/\\\/iai.int\\\/wp-content\\\/uploads\\\/2025\\\/12\\\/IAI-y-FONPLATA.png\",\"keywords\":[\"diplomacia cient\u00edfica\",\"noticia\"],\"articleSection\":[\"Noticias\"],\"inLanguage\":\"es\",\"potentialAction\":[{\"@type\":\"CommentAction\",\"name\":\"Comment\",\"target\":[\"https:\\\/\\\/iai.int\\\/es\\\/iai-y-fonplata-firman-acuerdo-para-fortalecer-el-dialogo-ciencia-politicas\\\/#respond\"]}]},{\"@type\":\"WebPage\",\"@id\":\"https:\\\/\\\/iai.int\\\/es\\\/iai-y-fonplata-firman-acuerdo-para-fortalecer-el-dialogo-ciencia-politicas\\\/\",\"url\":\"https:\\\/\\\/iai.int\\\/es\\\/iai-y-fonplata-firman-acuerdo-para-fortalecer-el-dialogo-ciencia-politicas\\\/\",\"name\":\"IAI y FONPLATA firman acuerdo para fortalecer\u00a0el di\u00e1logo ciencia-pol\u00edticas\u00a0 - IAI - Inter-American Institute for Global Change Research\",\"isPartOf\":{\"@id\":\"https:\\\/\\\/iai.int\\\/es\\\/#website\"},\"primaryImageOfPage\":{\"@id\":\"https:\\\/\\\/iai.int\\\/es\\\/iai-y-fonplata-firman-acuerdo-para-fortalecer-el-dialogo-ciencia-politicas\\\/#primaryimage\"},\"image\":{\"@id\":\"https:\\\/\\\/iai.int\\\/es\\\/iai-y-fonplata-firman-acuerdo-para-fortalecer-el-dialogo-ciencia-politicas\\\/#primaryimage\"},\"thumbnailUrl\":\"https:\\\/\\\/iai.int\\\/wp-content\\\/uploads\\\/2025\\\/12\\\/IAI-y-FONPLATA.png\",\"datePublished\":\"2025-12-10T22:06:21+00:00\",\"dateModified\":\"2025-12-10T22:06:31+00:00\",\"breadcrumb\":{\"@id\":\"https:\\\/\\\/iai.int\\\/es\\\/iai-y-fonplata-firman-acuerdo-para-fortalecer-el-dialogo-ciencia-politicas\\\/#breadcrumb\"},\"inLanguage\":\"es\",\"potentialAction\":[{\"@type\":\"ReadAction\",\"target\":[\"https:\\\/\\\/iai.int\\\/es\\\/iai-y-fonplata-firman-acuerdo-para-fortalecer-el-dialogo-ciencia-politicas\\\/\"]}]},{\"@type\":\"ImageObject\",\"inLanguage\":\"es\",\"@id\":\"https:\\\/\\\/iai.int\\\/es\\\/iai-y-fonplata-firman-acuerdo-para-fortalecer-el-dialogo-ciencia-politicas\\\/#primaryimage\",\"url\":\"https:\\\/\\\/iai.int\\\/wp-content\\\/uploads\\\/2025\\\/12\\\/IAI-y-FONPLATA.png\",\"contentUrl\":\"https:\\\/\\\/iai.int\\\/wp-content\\\/uploads\\\/2025\\\/12\\\/IAI-y-FONPLATA.png\",\"width\":1772,\"height\":551},{\"@type\":\"BreadcrumbList\",\"@id\":\"https:\\\/\\\/iai.int\\\/es\\\/iai-y-fonplata-firman-acuerdo-para-fortalecer-el-dialogo-ciencia-politicas\\\/#breadcrumb\",\"itemListElement\":[{\"@type\":\"ListItem\",\"position\":1,\"name\":\"Portada\",\"item\":\"https:\\\/\\\/iai.int\\\/es\\\/\"},{\"@type\":\"ListItem\",\"position\":2,\"name\":\"IAI y FONPLATA firman acuerdo para fortalecer\u00a0el di\u00e1logo ciencia-pol\u00edticas\u00a0\"}]},{\"@type\":\"WebSite\",\"@id\":\"https:\\\/\\\/iai.int\\\/es\\\/#website\",\"url\":\"https:\\\/\\\/iai.int\\\/es\\\/\",\"name\":\"IAI - Inter-American Institute for Global Change Research\",\"description\":\"\",\"publisher\":{\"@id\":\"https:\\\/\\\/iai.int\\\/es\\\/#organization\"},\"potentialAction\":[{\"@type\":\"SearchAction\",\"target\":{\"@type\":\"EntryPoint\",\"urlTemplate\":\"https:\\\/\\\/iai.int\\\/es\\\/?s={search_term_string}\"},\"query-input\":{\"@type\":\"PropertyValueSpecification\",\"valueRequired\":true,\"valueName\":\"search_term_string\"}}],\"inLanguage\":\"es\"},{\"@type\":\"Organization\",\"@id\":\"https:\\\/\\\/iai.int\\\/es\\\/#organization\",\"name\":\"IAI - Inter-American Institute for Global Change Research\",\"url\":\"https:\\\/\\\/iai.int\\\/es\\\/\",\"logo\":{\"@type\":\"ImageObject\",\"inLanguage\":\"es\",\"@id\":\"https:\\\/\\\/iai.int\\\/es\\\/#\\\/schema\\\/logo\\\/image\\\/\",\"url\":\"https:\\\/\\\/iai.int\\\/wp-content\\\/uploads\\\/2025\\\/11\\\/IAI-logo-English-scaled.png\",\"contentUrl\":\"https:\\\/\\\/iai.int\\\/wp-content\\\/uploads\\\/2025\\\/11\\\/IAI-logo-English-scaled.png\",\"width\":2560,\"height\":985,\"caption\":\"IAI - Inter-American Institute for Global Change Research\"},\"image\":{\"@id\":\"https:\\\/\\\/iai.int\\\/es\\\/#\\\/schema\\\/logo\\\/image\\\/\"}},{\"@type\":\"Person\",\"@id\":\"https:\\\/\\\/iai.int\\\/es\\\/#\\\/schema\\\/person\\\/2402df0e64dc489b772ca5cb48a860d1\",\"name\":\"IAI Communication\",\"image\":{\"@type\":\"ImageObject\",\"inLanguage\":\"es\",\"@id\":\"https:\\\/\\\/secure.gravatar.com\\\/avatar\\\/d00c233d8582ec73a12e7f3ca68863ef9dbfb60294793081beead9ec58c97a76?s=96&d=mm&r=g\",\"url\":\"https:\\\/\\\/secure.gravatar.com\\\/avatar\\\/d00c233d8582ec73a12e7f3ca68863ef9dbfb60294793081beead9ec58c97a76?s=96&d=mm&r=g\",\"contentUrl\":\"https:\\\/\\\/secure.gravatar.com\\\/avatar\\\/d00c233d8582ec73a12e7f3ca68863ef9dbfb60294793081beead9ec58c97a76?s=96&d=mm&r=g\",\"caption\":\"IAI Communication\"},\"url\":\"https:\\\/\\\/iai.int\\\/es\\\/author\\\/iai-communication\\\/\"}]}<\/script>\n<!-- \/ Yoast SEO plugin. -->","yoast_head_json":{"title":"IAI y FONPLATA firman acuerdo para fortalecer\u00a0el di\u00e1logo ciencia-pol\u00edticas\u00a0 - IAI - Inter-American Institute for Global Change Research","robots":{"index":"index","follow":"follow","max-snippet":"max-snippet:-1","max-image-preview":"max-image-preview:large","max-video-preview":"max-video-preview:-1"},"canonical":"https:\/\/iai.int\/es\/iai-y-fonplata-firman-acuerdo-para-fortalecer-el-dialogo-ciencia-politicas\/","og_locale":"es_ES","og_type":"article","og_title":"IAI y FONPLATA firman acuerdo para fortalecer\u00a0el di\u00e1logo ciencia-pol\u00edticas\u00a0 - IAI - Inter-American Institute for Global Change Research","og_description":"El Instituto Interamericano para la Investigaci\u00f3n del Cambio Global (IAI) se complace en anunciar la firma de un acuerdo de cooperaci\u00f3n con FONPLATA \u2013 Banco de Desarrollo, que se da como parte de las alianzas realizadas en el marco de la COP30.&nbsp; Esta colaboraci\u00f3n conecta dos pilares esenciales para la regi\u00f3n:&nbsp; El acuerdo permitir\u00e1 crear [&hellip;]","og_url":"https:\/\/iai.int\/es\/iai-y-fonplata-firman-acuerdo-para-fortalecer-el-dialogo-ciencia-politicas\/","og_site_name":"IAI - Inter-American Institute for Global Change Research","article_published_time":"2025-12-10T22:06:21+00:00","article_modified_time":"2025-12-10T22:06:31+00:00","og_image":[{"width":1772,"height":551,"url":"https:\/\/iai.int\/wp-content\/uploads\/2025\/12\/IAI-y-FONPLATA.png","type":"image\/png"}],"author":"IAI Communication","twitter_card":"summary_large_image","twitter_misc":{"Escrito por":"IAI Communication","Tiempo de lectura":"2 minutos"},"schema":{"@context":"https:\/\/schema.org","@graph":[{"@type":"Article","@id":"https:\/\/iai.int\/es\/iai-y-fonplata-firman-acuerdo-para-fortalecer-el-dialogo-ciencia-politicas\/#article","isPartOf":{"@id":"https:\/\/iai.int\/es\/iai-y-fonplata-firman-acuerdo-para-fortalecer-el-dialogo-ciencia-politicas\/"},"author":{"name":"IAI Communication","@id":"https:\/\/iai.int\/es\/#\/schema\/person\/2402df0e64dc489b772ca5cb48a860d1"},"headline":"IAI y FONPLATA firman acuerdo para fortalecer\u00a0el di\u00e1logo ciencia-pol\u00edticas\u00a0","datePublished":"2025-12-10T22:06:21+00:00","dateModified":"2025-12-10T22:06:31+00:00","mainEntityOfPage":{"@id":"https:\/\/iai.int\/es\/iai-y-fonplata-firman-acuerdo-para-fortalecer-el-dialogo-ciencia-politicas\/"},"wordCount":345,"commentCount":0,"publisher":{"@id":"https:\/\/iai.int\/es\/#organization"},"image":{"@id":"https:\/\/iai.int\/es\/iai-y-fonplata-firman-acuerdo-para-fortalecer-el-dialogo-ciencia-politicas\/#primaryimage"},"thumbnailUrl":"https:\/\/iai.int\/wp-content\/uploads\/2025\/12\/IAI-y-FONPLATA.png","keywords":["diplomacia cient\u00edfica","noticia"],"articleSection":["Noticias"],"inLanguage":"es","potentialAction":[{"@type":"CommentAction","name":"Comment","target":["https:\/\/iai.int\/es\/iai-y-fonplata-firman-acuerdo-para-fortalecer-el-dialogo-ciencia-politicas\/#respond"]}]},{"@type":"WebPage","@id":"https:\/\/iai.int\/es\/iai-y-fonplata-firman-acuerdo-para-fortalecer-el-dialogo-ciencia-politicas\/","url":"https:\/\/iai.int\/es\/iai-y-fonplata-firman-acuerdo-para-fortalecer-el-dialogo-ciencia-politicas\/","name":"IAI y FONPLATA firman acuerdo para fortalecer\u00a0el di\u00e1logo ciencia-pol\u00edticas\u00a0 - IAI - Inter-American Institute for Global Change Research","isPartOf":{"@id":"https:\/\/iai.int\/es\/#website"},"primaryImageOfPage":{"@id":"https:\/\/iai.int\/es\/iai-y-fonplata-firman-acuerdo-para-fortalecer-el-dialogo-ciencia-politicas\/#primaryimage"},"image":{"@id":"https:\/\/iai.int\/es\/iai-y-fonplata-firman-acuerdo-para-fortalecer-el-dialogo-ciencia-politicas\/#primaryimage"},"thumbnailUrl":"https:\/\/iai.int\/wp-content\/uploads\/2025\/12\/IAI-y-FONPLATA.png","datePublished":"2025-12-10T22:06:21+00:00","dateModified":"2025-12-10T22:06:31+00:00","breadcrumb":{"@id":"https:\/\/iai.int\/es\/iai-y-fonplata-firman-acuerdo-para-fortalecer-el-dialogo-ciencia-politicas\/#breadcrumb"},"inLanguage":"es","potentialAction":[{"@type":"ReadAction","target":["https:\/\/iai.int\/es\/iai-y-fonplata-firman-acuerdo-para-fortalecer-el-dialogo-ciencia-politicas\/"]}]},{"@type":"ImageObject","inLanguage":"es","@id":"https:\/\/iai.int\/es\/iai-y-fonplata-firman-acuerdo-para-fortalecer-el-dialogo-ciencia-politicas\/#primaryimage","url":"https:\/\/iai.int\/wp-content\/uploads\/2025\/12\/IAI-y-FONPLATA.png","contentUrl":"https:\/\/iai.int\/wp-content\/uploads\/2025\/12\/IAI-y-FONPLATA.png","width":1772,"height":551},{"@type":"BreadcrumbList","@id":"https:\/\/iai.int\/es\/iai-y-fonplata-firman-acuerdo-para-fortalecer-el-dialogo-ciencia-politicas\/#breadcrumb","itemListElement":[{"@type":"ListItem","position":1,"name":"Portada","item":"https:\/\/iai.int\/es\/"},{"@type":"ListItem","position":2,"name":"IAI y FONPLATA firman acuerdo para fortalecer\u00a0el di\u00e1logo ciencia-pol\u00edticas\u00a0"}]},{"@type":"WebSite","@id":"https:\/\/iai.int\/es\/#website","url":"https:\/\/iai.int\/es\/","name":"IAI - Inter-American Institute for Global Change Research","description":"","publisher":{"@id":"https:\/\/iai.int\/es\/#organization"},"potentialAction":[{"@type":"SearchAction","target":{"@type":"EntryPoint","urlTemplate":"https:\/\/iai.int\/es\/?s={search_term_string}"},"query-input":{"@type":"PropertyValueSpecification","valueRequired":true,"valueName":"search_term_string"}}],"inLanguage":"es"},{"@type":"Organization","@id":"https:\/\/iai.int\/es\/#organization","name":"IAI - Inter-American Institute for Global Change Research","url":"https:\/\/iai.int\/es\/","logo":{"@type":"ImageObject","inLanguage":"es","@id":"https:\/\/iai.int\/es\/#\/schema\/logo\/image\/","url":"https:\/\/iai.int\/wp-content\/uploads\/2025\/11\/IAI-logo-English-scaled.png","contentUrl":"https:\/\/iai.int\/wp-content\/uploads\/2025\/11\/IAI-logo-English-scaled.png","width":2560,"height":985,"caption":"IAI - Inter-American Institute for Global Change Research"},"image":{"@id":"https:\/\/iai.int\/es\/#\/schema\/logo\/image\/"}},{"@type":"Person","@id":"https:\/\/iai.int\/es\/#\/schema\/person\/2402df0e64dc489b772ca5cb48a860d1","name":"IAI Communication","image":{"@type":"ImageObject","inLanguage":"es","@id":"https:\/\/secure.gravatar.com\/avatar\/d00c233d8582ec73a12e7f3ca68863ef9dbfb60294793081beead9ec58c97a76?s=96&d=mm&r=g","url":"https:\/\/secure.gravatar.com\/avatar\/d00c233d8582ec73a12e7f3ca68863ef9dbfb60294793081beead9ec58c97a76?s=96&d=mm&r=g","contentUrl":"https:\/\/secure.gravatar.com\/avatar\/d00c233d8582ec73a12e7f3ca68863ef9dbfb60294793081beead9ec58c97a76?s=96&d=mm&r=g","caption":"IAI Communication"},"url":"https:\/\/iai.int\/es\/author\/iai-communication\/"}]}},"uagb_featured_image_src":{"full":["https:\/\/iai.int\/wp-content\/uploads\/2025\/12\/IAI-y-FONPLATA.png",1772,551,false],"thumbnail":["https:\/\/iai.int\/wp-content\/uploads\/2025\/12\/IAI-y-FONPLATA-150x150.png",150,150,true],"medium":["https:\/\/iai.int\/wp-content\/uploads\/2025\/12\/IAI-y-FONPLATA-300x93.png",300,93,true],"medium_large":["https:\/\/iai.int\/wp-content\/uploads\/2025\/12\/IAI-y-FONPLATA-768x239.png",768,239,true],"large":["https:\/\/iai.int\/wp-content\/uploads\/2025\/12\/IAI-y-FONPLATA-1024x318.png",800,248,true],"1536x1536":["https:\/\/iai.int\/wp-content\/uploads\/2025\/12\/IAI-y-FONPLATA-1536x478.png",1536,478,true],"2048x2048":["https:\/\/iai.int\/wp-content\/uploads\/2025\/12\/IAI-y-FONPLATA.png",1772,551,false]},"uagb_author_info":{"display_name":"IAI Communication","author_link":"https:\/\/iai.int\/es\/author\/iai-communication\/"},"uagb_comment_info":3,"uagb_excerpt":"El Instituto Interamericano para la Investigaci\u00f3n del Cambio Global (IAI) se complace en anunciar la firma de un acuerdo de cooperaci\u00f3n con FONPLATA \u2013 Banco de Desarrollo, que se da como parte de las alianzas realizadas en el marco de la COP30.&nbsp; Esta colaboraci\u00f3n conecta dos pilares esenciales para la regi\u00f3n:&nbsp; El acuerdo permitir\u00e1 crear&hellip;","_links":{"self":[{"href":"https:\/\/iai.int\/es\/wp-json\/wp\/v2\/posts\/12285","targetHints":{"allow":["GET"]}}],"collection":[{"href":"https:\/\/iai.int\/es\/wp-json\/wp\/v2\/posts"}],"about":[{"href":"https:\/\/iai.int\/es\/wp-json\/wp\/v2\/types\/post"}],"author":[{"embeddable":true,"href":"https:\/\/iai.int\/es\/wp-json\/wp\/v2\/users\/9"}],"replies":[{"embeddable":true,"href":"https:\/\/iai.int\/es\/wp-json\/wp\/v2\/comments?post=12285"}],"version-history":[{"count":1,"href":"https:\/\/iai.int\/es\/wp-json\/wp\/v2\/posts\/12285\/revisions"}],"predecessor-version":[{"id":12295,"href":"https:\/\/iai.int\/es\/wp-json\/wp\/v2\/posts\/12285\/revisions\/12295"}],"wp:featuredmedia":[{"embeddable":true,"href":"https:\/\/iai.int\/es\/wp-json\/wp\/v2\/media\/12291"}],"wp:attachment":[{"href":"https:\/\/iai.int\/es\/wp-json\/wp\/v2\/media?parent=12285"}],"wp:term":[{"taxonomy":"category","embeddable":true,"href":"https:\/\/iai.int\/es\/wp-json\/wp\/v2\/categories?post=12285"},{"taxonomy":"post_tag","embeddable":true,"href":"https:\/\/iai.int\/es\/wp-json\/wp\/v2\/tags?post=12285"}],"curies":[{"name":"wp","href":"https:\/\/api.w.org\/{rel}","templated":true}]}}